{"id":16790,"date":"2024-10-24T14:44:58","date_gmt":"2024-10-24T11:44:58","guid":{"rendered":"https:\/\/masterbase.com\/es\/es\/es\/?p=16790"},"modified":"2025-09-26T13:11:30","modified_gmt":"2025-09-26T10:11:30","slug":"yama-yoneti%cc%87mi%cc%87-si%cc%87rketi%cc%87ni%cc%87zi%cc%87n-di%cc%87ji%cc%87tal-guvenli%cc%87k-cephaneli%cc%87gi%cc%87ni%cc%87n-anahtari","status":"publish","type":"post","link":"https:\/\/masterbase.com\/tr\/gestion-de-parches-la-clave-para-blindar-la-seguridad-digital-de-tu-empresa\/masterbase\/","title":{"rendered":"Yama Y\u00f6netimi: \u015eirketinizin dijital g\u00fcvenli\u011fini koruman\u0131n anahtar\u0131"},"content":{"rendered":"<h2>Bu ba\u011flamda <b>yama y\u00f6netimi<\/b> b\u00fcy\u00fckl\u00fc\u011f\u00fc ne olursa olsun her \u015firketin g\u00fcvenlik stratejisinin \u00f6nemli bir par\u00e7as\u0131 haline gelmi\u015ftir. Yaz\u0131l\u0131m\u0131n g\u00fcncel tutulmas\u0131 yaln\u0131zca operasyonel verimlilik a\u00e7\u0131s\u0131ndan de\u011fil, ayn\u0131 zamanda kurumu riske atabilecek sald\u0131r\u0131lara kar\u015f\u0131 aktif koruma a\u00e7\u0131s\u0131ndan da \u00f6nemlidir.<\/h2>\n<p><b>Yama y\u00f6netimi nedir?<\/b><\/p>\n<p>Bu <b>yama y\u00f6netimi<\/b> g\u00fcvenlik kusurlar\u0131n\u0131 d\u00fczeltmek ve genel performans\u0131 iyile\u015ftirmek amac\u0131yla bir \u015firketin yaz\u0131l\u0131m\u0131n\u0131n g\u00fcncellendi\u011fi s\u00fcre\u00e7tir. Bir sistemde veya uygulamada bir g\u00fcvenlik a\u00e7\u0131\u011f\u0131 ke\u015ffedildi\u011finde, sorumlu geli\u015ftirici genellikle g\u00fcvenlik a\u00e7\u0131\u011f\u0131n\u0131 gidermek i\u00e7in tasarlanm\u0131\u015f bir g\u00fcncelleme olan bir \"yama\" yay\u0131nlar. Yama y\u00f6netimi, bu g\u00fcncellemelerin d\u00fczenli ve kontroll\u00fc bir \u015fekilde uygulanmas\u0131ndan olu\u015fur.<\/p>\n<p>Basit gibi g\u00f6r\u00fcnse de, uygun g\u00fcvenlik y\u00f6netiminin eksikli\u011fi y\u0131llar boyunca bir\u00e7ok g\u00fcvenlik olay\u0131n\u0131n nedeni olmu\u015ftur. G\u00fcvenlik a\u00e7\u0131\u011f\u0131n\u0131, bir sald\u0131rgan\u0131n \u015firketinizin sistemlerine eri\u015fmek i\u00e7in kullanabilece\u011fi bir arka kap\u0131 olarak d\u00fc\u015f\u00fcn\u00fcn. Bu kap\u0131ya yama yapmazsan\u0131z, istismar edilmeyi bekleyen bir eri\u015fim yolunu a\u00e7\u0131k b\u0131rakm\u0131\u015f olursunuz.<\/p>\n<p><b>Kurumsal siber g\u00fcvenlikte yama y\u00f6netiminin \u00f6nemi<\/b><\/p>\n<p>Yayg\u0131n bir yanl\u0131\u015f kan\u0131, yama y\u00f6netiminin yaln\u0131zca BT'nin sorumlulu\u011funda oldu\u011fudur. Ger\u00e7ekte, \u015firketteki herkesi etkiler. Sunuculardan \u00e7al\u0131\u015fanlar\u0131n mobil cihazlar\u0131na kadar kurumsal a\u011fa ba\u011fl\u0131 herhangi bir bilgisayar, uygun \u015fekilde g\u00fcncellenmezse sald\u0131r\u0131 i\u00e7in bir yol haline gelebilir.<\/p>\n<p>Yamalar yaln\u0131zca g\u00fcvenlik a\u00e7\u0131klar\u0131n\u0131 d\u00fczeltmekle kalmaz, ayn\u0131 zamanda yaz\u0131l\u0131m performans\u0131n\u0131 art\u0131rabilir ve uyumluluk sorunlar\u0131n\u0131 \u00e7\u00f6zebilir. Ancak, siber g\u00fcvenlikle olan ilgileri tart\u0131\u015fmas\u0131z en kritik olan\u0131d\u0131r. \u0130yi bir yama y\u00f6netim sistemi uygulayarak yaz\u0131l\u0131m\u0131n\u0131z\u0131n en iyi \u015fekilde \u00e7al\u0131\u015fmas\u0131n\u0131 sa\u011flar ve \u015firketinizi d\u0131\u015f tehditlere kar\u015f\u0131 z\u0131rhland\u0131r\u0131rs\u0131n\u0131z.<\/p>\n<p>Etkilerini daha iyi anlamak i\u00e7in, yama y\u00f6netimi eksikli\u011finin b\u00fcy\u00fck i\u015fletmelerin g\u00fcvenli\u011fini ciddi \u015fekilde tehlikeye att\u0131\u011f\u0131 baz\u0131 vakalar\u0131 ve bunlar\u0131n do\u011fru \u015fekilde uygulanmas\u0131n\u0131n \u015firketleri potansiyel olarak y\u0131k\u0131c\u0131 sald\u0131r\u0131lardan kurtard\u0131\u011f\u0131 di\u011ferlerini burada bulabilirsiniz.<\/p>\n<p><b>Yamanmam\u0131\u015f g\u00fcvenlik a\u00e7\u0131klar\u0131na \u00f6rnekler<\/b><\/p>\n<p><b>1. Equifax (2017): Finans d\u00fcnyas\u0131n\u0131 sarsan bir skandal<\/b><\/p>\n<p>Yama y\u00f6netiminin feci bir \u015fekilde ba\u015far\u0131s\u0131z olmas\u0131n\u0131n en iyi bilinen \u00f6rneklerinden biri <b>Equifax<\/b>. 2017 y\u0131l\u0131nda, kredi raporlama kurumu, neredeyse t\u00fcm verileri etkileyerek tarihteki en ciddi veri ihlallerinden birini ya\u015fad\u0131. <b>147 milyon ki\u015fi<\/b>. Sorun, \u015firket taraf\u0131ndan kullan\u0131lan bir yaz\u0131l\u0131m olan Apache Struts'taki bir g\u00fcvenlik a\u00e7\u0131\u011f\u0131ndan kaynaklan\u0131yordu. Bu g\u00fcvenlik a\u00e7\u0131\u011f\u0131 sald\u0131r\u0131dan aylar \u00f6nce tespit edilmi\u015f ve bir yama haz\u0131rlanm\u0131\u015ft\u0131, ancak \u015firket bunu zaman\u0131nda uygulamad\u0131. Sald\u0131rganlar bu a\u00e7\u0131ktan yararlanarak ulusal sigorta numaralar\u0131, do\u011fum tarihleri ve adresler gibi hassas bilgilere eri\u015ftiler.<\/p>\n<p><b>Etki:<\/b> \u0130tibar ve mali hasar \u00e7ok b\u00fcy\u00fckt\u00fc. Equifax, toplu davalar ve ABD Kongresi soru\u015fturmalar\u0131yla kar\u015f\u0131 kar\u015f\u0131ya kald\u0131. <b>700 milyon<\/b> Veri ihlalinden kaynaklanan sorunlar\u0131 \u00e7\u00f6zmek i\u00e7in.<\/p>\n<p><b>2. WannaCry (2017): D\u00fcnyay\u0131 fel\u00e7 eden fidye yaz\u0131l\u0131m\u0131.<\/b><\/p>\n<p>Fidye yaz\u0131l\u0131m\u0131 sald\u0131r\u0131s\u0131 <b>WannaCry<\/b> d\u00fcnya \u00e7ap\u0131ndaki en y\u0131k\u0131c\u0131 siber g\u00fcvenlik olaylar\u0131ndan biriydi. May\u0131s 2017'de bu fidye yaz\u0131l\u0131m\u0131, Windows'un eski s\u00fcr\u00fcmlerindeki bir g\u00fcvenlik a\u00e7\u0131\u011f\u0131ndan yararland\u0131. Microsoft aylar \u00f6nce bir yama yay\u0131nlam\u0131\u015ft\u0131, ancak hastaneler ve b\u00fcy\u00fck \u015firketler de dahil olmak \u00fczere pek \u00e7ok kurulu\u015f bunu uygulamam\u0131\u015ft\u0131. Sonu\u00e7 olarak, WannaCry h\u0131zla yay\u0131ld\u0131 ve a\u015fa\u011f\u0131dakilerden daha fazlas\u0131n\u0131n verilerini \u015fifreledi <b>230.000 cihaz<\/b> 150 \u00fclkede.<\/p>\n<p><b>Etki:<\/b> Ekonomik maliyet \u015fu \u015fekilde tahmin edilmi\u015ftir <b>4 milyar<\/b>Birle\u015fik Krall\u0131k'ta sa\u011fl\u0131k hizmetleri gibi kritik sekt\u00f6rler g\u00fcnlerce fel\u00e7 oldu ve hasta bak\u0131m\u0131n\u0131 etkiledi.<\/p>\n<p><b>Microsoft Exchange (2021): Posta sunucular\u0131na b\u00fcy\u00fck sald\u0131r\u0131<\/b><\/p>\n<p>2021'de, birden fazla siber su\u00e7 grubu, a\u015fa\u011f\u0131daki \u015firketlerin sunucular\u0131ndaki g\u00fcvenlik a\u00e7\u0131klar\u0131ndan yararland\u0131 <b>Microsoft Exchange<\/b>Bu sayede sald\u0131rganlar binlerce kurumun e-posta sunucular\u0131na uzaktan eri\u015fim sa\u011flayabildiler. Microsoft yamalar\u0131 h\u0131zl\u0131 bir \u015fekilde yay\u0131nlasa da, bir\u00e7ok \u015firketin bunlar\u0131 uygulamas\u0131 haftalar ald\u0131 ve sald\u0131r\u0131lar\u0131n yay\u0131lmas\u0131na izin verdi.<\/p>\n<p><b>Etki:<\/b> Bir\u00e7ok \u015firket daha fazla zarar g\u00f6rmemek i\u00e7in hizmetlerini ge\u00e7ici olarak kapatmak zorunda kald\u0131 ve sald\u0131r\u0131 \u015fu sonu\u00e7lara yol a\u00e7t\u0131 <b>milyarlarca dolar<\/b> kay\u0131plara neden oldu. G\u00fcvenlik a\u00e7\u0131klar\u0131 ke\u015ffedilmi\u015f ve yamanm\u0131\u015f olsa da, zaman\u0131nda harekete ge\u00e7meyenler i\u00e7in sonu\u00e7lar a\u011f\u0131r oldu.<\/p>\n<h3><b>Yama y\u00f6netiminin ba\u015far\u0131l\u0131 \u00f6rnekleri<\/b><\/h3>\n<h4><b>1. Cisco: B\u00fcy\u00fck sorunlardan ka\u00e7\u0131nmak i\u00e7in proaktif bir yakla\u015f\u0131m<\/b><\/h4>\n<p>D\u00fcnyan\u0131n \u00f6nde gelen a\u011f teknolojisi \u015firketlerinden Cisco, yama y\u00f6netimini uygulama konusunda \u00f6rnek te\u015fkil ediyor. Cisco, 2020 y\u0131l\u0131nda yaz\u0131l\u0131mlar\u0131nda kritik g\u00fcvenlik a\u00e7\u0131klar\u0131 tespit etti. <b>Cisco IOS XE<\/b>Cisco'nun m\u00fc\u015fterileri yamalar\u0131 yamalayabildiler ve sald\u0131rganlar bunlardan yararlanamadan \u00f6nce, m\u00fc\u015fterileri taraf\u0131ndan h\u0131zla uygulanan yamalar\u0131 yay\u0131nlad\u0131lar. Proaktif davranarak ve kullan\u0131c\u0131lar\u0131n\u0131n g\u00fcncellemeleri uygulamas\u0131n\u0131 sa\u011flayarak Cisco, potansiyel b\u00fcy\u00fck \u00f6l\u00e7ekli g\u00fcvenlik ihlallerini \u00f6nlemi\u015ftir.<\/p>\n<p><b>Etki:<\/b> Cisco m\u00fc\u015fterileri potansiyel g\u00fcvenlik sorunlar\u0131ndan ka\u00e7\u0131narak a\u011flar\u0131n\u0131 istikrarl\u0131 ve g\u00fcvenli tuttu ve \u00fcr\u00fcnlerine olan g\u00fcveni peki\u015ftirdi.<\/p>\n<h4><b>2. Maersk: Yama y\u00f6netimi arac\u0131l\u0131\u011f\u0131yla WannaCry kurtarma<\/b><\/h4>\n<p>Her ne kadar nakliye \u015firketi <b>Maersk<\/b> WannaCry'dan etkilenenlerden biriydi, yamalar\u0131 y\u00f6netmek i\u00e7in h\u0131zl\u0131 hareket etmesi \u015firketin di\u011fer bir\u00e7ok \u015firketten daha h\u0131zl\u0131 iyile\u015fmesini sa\u011flad\u0131. Ana sorun olarak g\u00fcncelleme eksikli\u011fini belirleyen Maersk, otomatik ve merkezi bir yama sistemi uygulamaya koydu. Bu sadece gelecekteki sald\u0131r\u0131lar\u0131 \u00f6nlemekle kalmad\u0131, ayn\u0131 zamanda yeni tehditlere daha iyi yan\u0131t verilmesini sa\u011flad\u0131.<\/p>\n<p><b>Etki:<\/b> Ya\u015fanan ilk aksakl\u0131klara ra\u011fmen Maersk, BT altyap\u0131s\u0131n\u0131 g\u00fc\u00e7lendirmeyi ba\u015fararak gelecekteki olay riskini en aza indirdi ve m\u00fc\u015fterilerinin g\u00fcvenini yeniden kazand\u0131.<\/p>\n<h4><b>3. Google: Kapsaml\u0131 Chrome Yama Stratejisi<\/b><\/h4>\n<p>Google, \u00f6zellikle web taray\u0131c\u0131s\u0131nda yama y\u00f6netimi konusunda \u00f6nc\u00fc olmu\u015ftur <b>Krom<\/b>d\u00fcnya \u00e7ap\u0131nda milyonlarca ki\u015fi taraf\u0131ndan kullan\u0131l\u0131yor. Google g\u00fcvenlik yamalar\u0131n\u0131 d\u00fczenli olarak da\u011f\u0131t\u0131yor ve bu yakla\u015f\u0131m o kadar titiz ki kullan\u0131c\u0131lar \u00e7o\u011fu zaman g\u00fcncellemelerden haberdar bile olmuyor. Bu proaktif yakla\u015f\u0131m, sald\u0131rganlar\u0131n d\u00fcnyan\u0131n en pop\u00fcler taray\u0131c\u0131s\u0131ndaki kritik g\u00fcvenlik a\u00e7\u0131klar\u0131ndan faydalanmas\u0131n\u0131 engellemi\u015ftir.<\/p>\n<p><b>Etki:<\/b> Google'\u0131n yakla\u015f\u0131m\u0131 bir yandan kullan\u0131c\u0131lar\u0131n\u0131 korurken di\u011fer yandan da etkin yama y\u00f6netiminin sald\u0131r\u0131lara kar\u015f\u0131 en iyi savunmalardan biri olabilece\u011fini g\u00f6stererek sekt\u00f6r genelinde bir g\u00fcvenlik standard\u0131 olu\u015fturdu.<\/p>\n<h3><b>Etkili yama y\u00f6netimi nas\u0131l uygulan\u0131r?<\/b><\/h3>\n<p>\u015eirketinizde etkili yama y\u00f6netimi uygulamak i\u00e7in a\u015fa\u011f\u0131daki temel ad\u0131mlar\u0131 izleyin:<\/p>\n<ol>\n<li><b>Sistemlerinizi denetleyin:<\/b> Her \u015feyden \u00f6nce, hangi yaz\u0131l\u0131m ve sistemlerin kullan\u0131ld\u0131\u011f\u0131n\u0131 bilmek \u00f6nemlidir. Olas\u0131 g\u00fcvenlik a\u00e7\u0131klar\u0131n\u0131 belirlemek i\u00e7in \u015firkette kullan\u0131lan t\u00fcm yaz\u0131l\u0131mlar\u0131n bir envanterini \u00e7\u0131kar\u0131n.<\/li>\n<li><b>G\u00fcvenlik a\u00e7\u0131klar\u0131n\u0131 izleyin:<\/b> G\u00fcvenlik a\u00e7\u0131klar\u0131n\u0131n fark\u0131nda olmak \u00e7ok \u00f6nemlidir. Hangi sistemlerin g\u00fcncellenmesi gerekti\u011fini belirlemenize yard\u0131mc\u0131 olabilecek tarama ara\u00e7lar\u0131 vard\u0131r.<\/li>\n<li><b>M\u00fcmk\u00fcn olan yerlerde otomatikle\u015ftirin:<\/b> Otomatik yama y\u00f6netimi ara\u00e7lar\u0131, g\u00fcncellemeleri insan m\u00fcdahalesi olmadan uygulaman\u0131za yard\u0131mc\u0131 olabilir. Bu, hata pay\u0131n\u0131 azalt\u0131r ve yamalar\u0131n h\u0131zl\u0131 bir \u015fekilde da\u011f\u0131t\u0131lmas\u0131n\u0131 sa\u011flar.<\/li>\n<li><b>Uygulamadan \u00f6nce test edin:<\/b> H\u0131zl\u0131 tepki vermek \u00f6nemli olsa da, yamalar\u0131 her zaman kontroll\u00fc bir ortamda test etmeli ve istenmeyen aksakl\u0131klara neden olmayacaklar\u0131n\u0131 do\u011frulamal\u0131s\u0131n\u0131z.<\/li>\n<li><b>Belgeleyin ve g\u00f6zden ge\u00e7irin:<\/b> Uygulanan g\u00fcncellemelerin kayd\u0131n\u0131 tutun ve etkin ve g\u00fcncel kalmas\u0131n\u0131 sa\u011flamak i\u00e7in yama y\u00f6netimi s\u00fcrecinizi d\u00fczenli olarak g\u00f6zden ge\u00e7irin.<\/li>\n<\/ol>\n<h2><b>Sonu\u00e7<\/b><\/h2>\n<p>Yama y\u00f6netimi \u015f\u00fcphesiz modern siber g\u00fcvenli\u011fin temel ta\u015flar\u0131ndan biridir. G\u00f6rd\u00fc\u011f\u00fcm\u00fcz gibi, g\u00fcncelleme eksikli\u011fi y\u0131k\u0131c\u0131 sonu\u00e7lar do\u011furabilir, ancak iyi bir yama stratejisi, yok edici bir sald\u0131r\u0131 ile korunan bir i\u015fletme aras\u0131ndaki fark olabilir. Etkili ve proaktif bir s\u00fcre\u00e7 uygulamak kurulu\u015funuzu korur ve bu s\u00fcre\u00e7te m\u00fc\u015fterilerinizin \u00fcr\u00fcn ve hizmetlerinize olan g\u00fcvenini peki\u015ftirir.<\/p>\n<p>&nbsp;<\/p>\n<p>&nbsp;<\/p>\n<p><a href=\"https:\/\/masterbase.com\/tr\/es\/es\/es\/akademi%cc%87\/mevcut-kurslar\/otomasyon-serti%cc%87fi%cc%87ka-kursunu-kesfedi%cc%87n\/\"><img data-recalc-dims=\"1\" fetchpriority=\"high\" decoding=\"async\" data-attachment-id=\"1995\" data-permalink=\"https:\/\/masterbase.com\/tr\/transformacion-en-ventas-optimizacion-a-traves-de-la-automatizacion-de-procesos\/masterbase\/banner-da\/\" data-orig-file=\"https:\/\/i0.wp.com\/masterbase.com\/wp-content\/uploads\/2023\/10\/banner-da.png?fit=980%2C451&amp;ssl=1\" data-orig-size=\"980,451\" data-comments-opened=\"1\" data-image-meta=\"{&quot;aperture&quot;:&quot;0&quot;,&quot;credit&quot;:&quot;&quot;,&quot;camera&quot;:&quot;&quot;,&quot;caption&quot;:&quot;&quot;,&quot;created_timestamp&quot;:&quot;0&quot;,&quot;copyright&quot;:&quot;&quot;,&quot;focal_length&quot;:&quot;0&quot;,&quot;iso&quot;:&quot;0&quot;,&quot;shutter_speed&quot;:&quot;0&quot;,&quot;title&quot;:&quot;&quot;,&quot;orientation&quot;:&quot;0&quot;}\" data-image-title=\"Curso Automatizaci\u00f3n\" data-image-description=\"\" data-image-caption=\"\" data-large-file=\"https:\/\/i0.wp.com\/masterbase.com\/wp-content\/uploads\/2023\/10\/banner-da.png?fit=800%2C368&amp;ssl=1\" class=\"aligncenter wp-image-1995\" src=\"https:\/\/i0.wp.com\/masterbase.com\/es\/es\/es\/wp-content\/uploads\/2023\/10\/banner-da-300x138.png?resize=563%2C259&#038;ssl=1\" alt=\"Otomasyon kursu\" width=\"563\" height=\"259\" srcset=\"https:\/\/i0.wp.com\/masterbase.com\/wp-content\/uploads\/2023\/10\/banner-da.png?resize=300%2C138&amp;ssl=1 300w, https:\/\/i0.wp.com\/masterbase.com\/wp-content\/uploads\/2023\/10\/banner-da.png?resize=768%2C353&amp;ssl=1 768w, https:\/\/i0.wp.com\/masterbase.com\/wp-content\/uploads\/2023\/10\/banner-da.png?resize=600%2C276&amp;ssl=1 600w, https:\/\/i0.wp.com\/masterbase.com\/wp-content\/uploads\/2023\/10\/banner-da.png?w=980&amp;ssl=1 980w\" sizes=\"(max-width: 563px) 100vw, 563px\" \/><\/a><\/p>","protected":false},"excerpt":{"rendered":"<p>Yaz\u0131l\u0131mlarda her g\u00fcn yeni g\u00fcvenlik a\u00e7\u0131klar\u0131 ke\u015ffediliyor ve siber su\u00e7lular her t\u00fcrl\u00fc dikkatsizlikten faydalanmak i\u00e7in her zaman tetikte bekliyor.<\/p>","protected":false},"author":239642484,"featured_media":16812,"comment_status":"open","ping_status":"open","sticky":false,"template":"","format":"standard","meta":{"_crdt_document":"","_jetpack_newsletter_access":"","_jetpack_dont_email_post_to_subs":false,"_jetpack_newsletter_tier_id":0,"_jetpack_memberships_contains_paywalled_content":false,"_jetpack_memberships_contains_paid_content":false,"footnotes":"","jetpack_publicize_message":"","jetpack_publicize_feature_enabled":true,"jetpack_social_post_already_shared":true,"jetpack_social_options":{"image_generator_settings":{"template":"highway","default_image_id":0,"font":"","enabled":false},"version":2},"_wpas_customize_per_network":false,"jetpack_post_was_ever_published":false},"categories":[1391],"tags":[],"class_list":["post-16790","post","type-post","status-publish","format-standard","has-post-thumbnail","hentry","category-ciberseguridad"],"yoast_head":"<!-- This site is optimized with the Yoast SEO plugin v27.4 - https:\/\/yoast.com\/product\/yoast-seo-wordpress\/ -->\n<title>Gesti\u00f3n de parches: La clave para blindar la seguridad digital de tu empresa - MasterBase\u00ae<\/title>\n<meta name=\"description\" content=\"La ciberseguridad empresarial es un terreno que evoluciona a una velocidad vertiginosa.\" \/>\n<meta name=\"robots\" content=\"index, follow, max-snippet:-1, max-image-preview:large, max-video-preview:-1\" \/>\n<link rel=\"canonical\" href=\"https:\/\/masterbase.com\/tr\/yama-yoneti\u0307mi\u0307-si\u0307rketi\u0307ni\u0307zi\u0307n-di\u0307ji\u0307tal-guvenli\u0307k-cephaneli\u0307gi\u0307ni\u0307n-anahtari\/masterbase\/\" \/>\n<meta property=\"og:locale\" content=\"tr_TR\" \/>\n<meta property=\"og:type\" content=\"article\" \/>\n<meta property=\"og:title\" content=\"Gesti\u00f3n de parches: La clave para blindar la seguridad digital de tu empresa - MasterBase\u00ae\" \/>\n<meta property=\"og:description\" content=\"La ciberseguridad empresarial es un terreno que evoluciona a una velocidad vertiginosa.\" \/>\n<meta property=\"og:url\" content=\"https:\/\/masterbase.com\/tr\/yama-yoneti\u0307mi\u0307-si\u0307rketi\u0307ni\u0307zi\u0307n-di\u0307ji\u0307tal-guvenli\u0307k-cephaneli\u0307gi\u0307ni\u0307n-anahtari\/masterbase\/\" \/>\n<meta property=\"og:site_name\" content=\"MasterBase\u00ae\" \/>\n<meta property=\"article:published_time\" content=\"2024-10-24T11:44:58+00:00\" \/>\n<meta property=\"article:modified_time\" content=\"2025-09-26T10:11:30+00:00\" \/>\n<meta property=\"og:image\" content=\"https:\/\/i0.wp.com\/masterbase.com\/wp-content\/uploads\/2024\/10\/3.png?fit=2250%2C2250&ssl=1\" \/>\n\t<meta property=\"og:image:width\" content=\"2250\" \/>\n\t<meta property=\"og:image:height\" content=\"2250\" \/>\n\t<meta property=\"og:image:type\" content=\"image\/png\" \/>\n<meta name=\"author\" content=\"Alejandro Dur\u00e1n\" \/>\n<meta name=\"twitter:card\" content=\"summary_large_image\" \/>\n<meta name=\"twitter:label1\" content=\"Yazan:\" \/>\n\t<meta name=\"twitter:data1\" content=\"Alejandro Dur\u00e1n\" \/>\n\t<meta name=\"twitter:label2\" content=\"Tahmini okuma s\u00fcresi\" \/>\n\t<meta name=\"twitter:data2\" content=\"7 dakika\" \/>\n<script type=\"application\/ld+json\" class=\"yoast-schema-graph\">{\"@context\":\"https:\\\/\\\/schema.org\",\"@graph\":[{\"@type\":\"Article\",\"@id\":\"https:\\\/\\\/masterbase.com\\\/it\\\/la-gestione-delle-patch-e-la-chiave-per-proteggere-la-sicurezza-digitale-della-vostra-azienda\\\/masterbase\\\/#article\",\"isPartOf\":{\"@id\":\"https:\\\/\\\/masterbase.com\\\/it\\\/la-gestione-delle-patch-e-la-chiave-per-proteggere-la-sicurezza-digitale-della-vostra-azienda\\\/masterbase\\\/\"},\"author\":{\"name\":\"Alejandro Dur\u00e1n\",\"@id\":\"https:\\\/\\\/masterbase.com\\\/nb\\\/#\\\/schema\\\/person\\\/3d21ff79b63b95ca967e019b4c633701\"},\"headline\":\"Gesti\u00f3n de parches: La clave para blindar la seguridad digital de tu empresa\",\"datePublished\":\"2024-10-24T11:44:58+00:00\",\"dateModified\":\"2025-09-26T10:11:30+00:00\",\"mainEntityOfPage\":{\"@id\":\"https:\\\/\\\/masterbase.com\\\/it\\\/la-gestione-delle-patch-e-la-chiave-per-proteggere-la-sicurezza-digitale-della-vostra-azienda\\\/masterbase\\\/\"},\"wordCount\":1388,\"commentCount\":0,\"publisher\":{\"@id\":\"https:\\\/\\\/masterbase.com\\\/nb\\\/#organization\"},\"image\":{\"@id\":\"https:\\\/\\\/masterbase.com\\\/it\\\/la-gestione-delle-patch-e-la-chiave-per-proteggere-la-sicurezza-digitale-della-vostra-azienda\\\/masterbase\\\/#primaryimage\"},\"thumbnailUrl\":\"https:\\\/\\\/i0.wp.com\\\/masterbase.com\\\/wp-content\\\/uploads\\\/2024\\\/10\\\/3.png?fit=2250%2C2250&ssl=1\",\"articleSection\":[\"Ciberseguridad\"],\"inLanguage\":\"tr\",\"potentialAction\":[{\"@type\":\"CommentAction\",\"name\":\"Comment\",\"target\":[\"https:\\\/\\\/masterbase.com\\\/it\\\/la-gestione-delle-patch-e-la-chiave-per-proteggere-la-sicurezza-digitale-della-vostra-azienda\\\/masterbase\\\/#respond\"]}]},{\"@type\":\"WebPage\",\"@id\":\"https:\\\/\\\/masterbase.com\\\/it\\\/la-gestione-delle-patch-e-la-chiave-per-proteggere-la-sicurezza-digitale-della-vostra-azienda\\\/masterbase\\\/\",\"url\":\"https:\\\/\\\/masterbase.com\\\/it\\\/la-gestione-delle-patch-e-la-chiave-per-proteggere-la-sicurezza-digitale-della-vostra-azienda\\\/masterbase\\\/\",\"name\":\"Gesti\u00f3n de parches: La clave para blindar la seguridad digital de tu empresa - MasterBase\u00ae\",\"isPartOf\":{\"@id\":\"https:\\\/\\\/masterbase.com\\\/nb\\\/#website\"},\"primaryImageOfPage\":{\"@id\":\"https:\\\/\\\/masterbase.com\\\/it\\\/la-gestione-delle-patch-e-la-chiave-per-proteggere-la-sicurezza-digitale-della-vostra-azienda\\\/masterbase\\\/#primaryimage\"},\"image\":{\"@id\":\"https:\\\/\\\/masterbase.com\\\/it\\\/la-gestione-delle-patch-e-la-chiave-per-proteggere-la-sicurezza-digitale-della-vostra-azienda\\\/masterbase\\\/#primaryimage\"},\"thumbnailUrl\":\"https:\\\/\\\/i0.wp.com\\\/masterbase.com\\\/wp-content\\\/uploads\\\/2024\\\/10\\\/3.png?fit=2250%2C2250&ssl=1\",\"datePublished\":\"2024-10-24T11:44:58+00:00\",\"dateModified\":\"2025-09-26T10:11:30+00:00\",\"description\":\"La ciberseguridad empresarial es un terreno que evoluciona a una velocidad vertiginosa.\",\"breadcrumb\":{\"@id\":\"https:\\\/\\\/masterbase.com\\\/it\\\/la-gestione-delle-patch-e-la-chiave-per-proteggere-la-sicurezza-digitale-della-vostra-azienda\\\/masterbase\\\/#breadcrumb\"},\"inLanguage\":\"tr\",\"potentialAction\":[{\"@type\":\"ReadAction\",\"target\":[\"https:\\\/\\\/masterbase.com\\\/it\\\/la-gestione-delle-patch-e-la-chiave-per-proteggere-la-sicurezza-digitale-della-vostra-azienda\\\/masterbase\\\/\"]}]},{\"@type\":\"ImageObject\",\"inLanguage\":\"tr\",\"@id\":\"https:\\\/\\\/masterbase.com\\\/it\\\/la-gestione-delle-patch-e-la-chiave-per-proteggere-la-sicurezza-digitale-della-vostra-azienda\\\/masterbase\\\/#primaryimage\",\"url\":\"https:\\\/\\\/i0.wp.com\\\/masterbase.com\\\/wp-content\\\/uploads\\\/2024\\\/10\\\/3.png?fit=2250%2C2250&ssl=1\",\"contentUrl\":\"https:\\\/\\\/i0.wp.com\\\/masterbase.com\\\/wp-content\\\/uploads\\\/2024\\\/10\\\/3.png?fit=2250%2C2250&ssl=1\",\"width\":2250,\"height\":2250,\"caption\":\"Cifrado empresarial Ciberseguridad\"},{\"@type\":\"BreadcrumbList\",\"@id\":\"https:\\\/\\\/masterbase.com\\\/it\\\/la-gestione-delle-patch-e-la-chiave-per-proteggere-la-sicurezza-digitale-della-vostra-azienda\\\/masterbase\\\/#breadcrumb\",\"itemListElement\":[{\"@type\":\"ListItem\",\"position\":1,\"name\":\"Portada\",\"item\":\"https:\\\/\\\/masterbase.com\\\/ro\\\/\"},{\"@type\":\"ListItem\",\"position\":2,\"name\":\"Gesti\u00f3n de parches: La clave para blindar la seguridad digital de tu empresa\"}]},{\"@type\":\"WebSite\",\"@id\":\"https:\\\/\\\/masterbase.com\\\/nb\\\/#website\",\"url\":\"https:\\\/\\\/masterbase.com\\\/nb\\\/\",\"name\":\"MasterBase\u00ae\",\"description\":\"Automatas that work for you\",\"publisher\":{\"@id\":\"https:\\\/\\\/masterbase.com\\\/nb\\\/#organization\"},\"potentialAction\":[{\"@type\":\"SearchAction\",\"target\":{\"@type\":\"EntryPoint\",\"urlTemplate\":\"https:\\\/\\\/masterbase.com\\\/nb\\\/?s={search_term_string}\"},\"query-input\":{\"@type\":\"PropertyValueSpecification\",\"valueRequired\":true,\"valueName\":\"search_term_string\"}}],\"inLanguage\":\"tr\"},{\"@type\":\"Organization\",\"@id\":\"https:\\\/\\\/masterbase.com\\\/nb\\\/#organization\",\"name\":\"MasterBase\u00ae\",\"url\":\"https:\\\/\\\/masterbase.com\\\/nb\\\/\",\"logo\":{\"@type\":\"ImageObject\",\"inLanguage\":\"tr\",\"@id\":\"https:\\\/\\\/masterbase.com\\\/nb\\\/#\\\/schema\\\/logo\\\/image\\\/\",\"url\":\"https:\\\/\\\/i0.wp.com\\\/masterbase.com\\\/wp-content\\\/uploads\\\/2023\\\/09\\\/Logo_negro_sinslogan.png?fit=1476%2C972&ssl=1\",\"contentUrl\":\"https:\\\/\\\/i0.wp.com\\\/masterbase.com\\\/wp-content\\\/uploads\\\/2023\\\/09\\\/Logo_negro_sinslogan.png?fit=1476%2C972&ssl=1\",\"width\":1476,\"height\":972,\"caption\":\"MasterBase\u00ae\"},\"image\":{\"@id\":\"https:\\\/\\\/masterbase.com\\\/nb\\\/#\\\/schema\\\/logo\\\/image\\\/\"}},{\"@type\":\"Person\",\"@id\":\"https:\\\/\\\/masterbase.com\\\/nb\\\/#\\\/schema\\\/person\\\/3d21ff79b63b95ca967e019b4c633701\",\"name\":\"Alejandro Dur\u00e1n\",\"image\":{\"@type\":\"ImageObject\",\"inLanguage\":\"tr\",\"@id\":\"https:\\\/\\\/secure.gravatar.com\\\/avatar\\\/7fe6c9cd72fdfdd05519326fb5760e0745d9540d0bddb8b16403235a121c8e64?s=96&d=identicon&r=g\",\"url\":\"https:\\\/\\\/secure.gravatar.com\\\/avatar\\\/7fe6c9cd72fdfdd05519326fb5760e0745d9540d0bddb8b16403235a121c8e64?s=96&d=identicon&r=g\",\"contentUrl\":\"https:\\\/\\\/secure.gravatar.com\\\/avatar\\\/7fe6c9cd72fdfdd05519326fb5760e0745d9540d0bddb8b16403235a121c8e64?s=96&d=identicon&r=g\",\"caption\":\"Alejandro Dur\u00e1n\"},\"description\":\"Chief Marketing Ofiicer\",\"url\":\"https:\\\/\\\/masterbase.com\\\/tr\\\/author\\\/aledurmc1970\\\/\"}]}<\/script>\n<!-- \/ Yoast SEO plugin. -->","yoast_head_json":{"title":"Yama Y\u00f6netimi: \u015eirketinizin dijital g\u00fcvenli\u011fini koruman\u0131n anahtar\u0131 - MasterBase\u00ae","description":"Kurumsal siber g\u00fcvenlik, ba\u015f d\u00f6nd\u00fcr\u00fcc\u00fc bir h\u0131zla geli\u015fen bir aland\u0131r.","robots":{"index":"index","follow":"follow","max-snippet":"max-snippet:-1","max-image-preview":"max-image-preview:large","max-video-preview":"max-video-preview:-1"},"canonical":"https:\/\/masterbase.com\/tr\/yama-yoneti\u0307mi\u0307-si\u0307rketi\u0307ni\u0307zi\u0307n-di\u0307ji\u0307tal-guvenli\u0307k-cephaneli\u0307gi\u0307ni\u0307n-anahtari\/masterbase\/","og_locale":"tr_TR","og_type":"article","og_title":"Gesti\u00f3n de parches: La clave para blindar la seguridad digital de tu empresa - MasterBase\u00ae","og_description":"La ciberseguridad empresarial es un terreno que evoluciona a una velocidad vertiginosa.","og_url":"https:\/\/masterbase.com\/tr\/yama-yoneti\u0307mi\u0307-si\u0307rketi\u0307ni\u0307zi\u0307n-di\u0307ji\u0307tal-guvenli\u0307k-cephaneli\u0307gi\u0307ni\u0307n-anahtari\/masterbase\/","og_site_name":"MasterBase\u00ae","article_published_time":"2024-10-24T11:44:58+00:00","article_modified_time":"2025-09-26T10:11:30+00:00","og_image":[{"width":2250,"height":2250,"url":"https:\/\/i0.wp.com\/masterbase.com\/wp-content\/uploads\/2024\/10\/3.png?fit=2250%2C2250&ssl=1","type":"image\/png"}],"author":"Alejandro Dur\u00e1n","twitter_card":"summary_large_image","twitter_misc":{"Yazan:":"Alejandro Dur\u00e1n","Tahmini okuma s\u00fcresi":"7 dakika"},"schema":{"@context":"https:\/\/schema.org","@graph":[{"@type":"Article","@id":"https:\/\/masterbase.com\/it\/la-gestione-delle-patch-e-la-chiave-per-proteggere-la-sicurezza-digitale-della-vostra-azienda\/masterbase\/#article","isPartOf":{"@id":"https:\/\/masterbase.com\/it\/la-gestione-delle-patch-e-la-chiave-per-proteggere-la-sicurezza-digitale-della-vostra-azienda\/masterbase\/"},"author":{"name":"Alejandro Dur\u00e1n","@id":"https:\/\/masterbase.com\/nb\/#\/schema\/person\/3d21ff79b63b95ca967e019b4c633701"},"headline":"Gesti\u00f3n de parches: La clave para blindar la seguridad digital de tu empresa","datePublished":"2024-10-24T11:44:58+00:00","dateModified":"2025-09-26T10:11:30+00:00","mainEntityOfPage":{"@id":"https:\/\/masterbase.com\/it\/la-gestione-delle-patch-e-la-chiave-per-proteggere-la-sicurezza-digitale-della-vostra-azienda\/masterbase\/"},"wordCount":1388,"commentCount":0,"publisher":{"@id":"https:\/\/masterbase.com\/nb\/#organization"},"image":{"@id":"https:\/\/masterbase.com\/it\/la-gestione-delle-patch-e-la-chiave-per-proteggere-la-sicurezza-digitale-della-vostra-azienda\/masterbase\/#primaryimage"},"thumbnailUrl":"https:\/\/i0.wp.com\/masterbase.com\/wp-content\/uploads\/2024\/10\/3.png?fit=2250%2C2250&ssl=1","articleSection":["Ciberseguridad"],"inLanguage":"tr","potentialAction":[{"@type":"CommentAction","name":"Comment","target":["https:\/\/masterbase.com\/it\/la-gestione-delle-patch-e-la-chiave-per-proteggere-la-sicurezza-digitale-della-vostra-azienda\/masterbase\/#respond"]}]},{"@type":"WebPage","@id":"https:\/\/masterbase.com\/it\/la-gestione-delle-patch-e-la-chiave-per-proteggere-la-sicurezza-digitale-della-vostra-azienda\/masterbase\/","url":"https:\/\/masterbase.com\/it\/la-gestione-delle-patch-e-la-chiave-per-proteggere-la-sicurezza-digitale-della-vostra-azienda\/masterbase\/","name":"Yama Y\u00f6netimi: \u015eirketinizin dijital g\u00fcvenli\u011fini koruman\u0131n anahtar\u0131 - MasterBase\u00ae","isPartOf":{"@id":"https:\/\/masterbase.com\/nb\/#website"},"primaryImageOfPage":{"@id":"https:\/\/masterbase.com\/it\/la-gestione-delle-patch-e-la-chiave-per-proteggere-la-sicurezza-digitale-della-vostra-azienda\/masterbase\/#primaryimage"},"image":{"@id":"https:\/\/masterbase.com\/it\/la-gestione-delle-patch-e-la-chiave-per-proteggere-la-sicurezza-digitale-della-vostra-azienda\/masterbase\/#primaryimage"},"thumbnailUrl":"https:\/\/i0.wp.com\/masterbase.com\/wp-content\/uploads\/2024\/10\/3.png?fit=2250%2C2250&ssl=1","datePublished":"2024-10-24T11:44:58+00:00","dateModified":"2025-09-26T10:11:30+00:00","description":"Kurumsal siber g\u00fcvenlik, ba\u015f d\u00f6nd\u00fcr\u00fcc\u00fc bir h\u0131zla geli\u015fen bir aland\u0131r.","breadcrumb":{"@id":"https:\/\/masterbase.com\/it\/la-gestione-delle-patch-e-la-chiave-per-proteggere-la-sicurezza-digitale-della-vostra-azienda\/masterbase\/#breadcrumb"},"inLanguage":"tr","potentialAction":[{"@type":"ReadAction","target":["https:\/\/masterbase.com\/it\/la-gestione-delle-patch-e-la-chiave-per-proteggere-la-sicurezza-digitale-della-vostra-azienda\/masterbase\/"]}]},{"@type":"ImageObject","inLanguage":"tr","@id":"https:\/\/masterbase.com\/it\/la-gestione-delle-patch-e-la-chiave-per-proteggere-la-sicurezza-digitale-della-vostra-azienda\/masterbase\/#primaryimage","url":"https:\/\/i0.wp.com\/masterbase.com\/wp-content\/uploads\/2024\/10\/3.png?fit=2250%2C2250&ssl=1","contentUrl":"https:\/\/i0.wp.com\/masterbase.com\/wp-content\/uploads\/2024\/10\/3.png?fit=2250%2C2250&ssl=1","width":2250,"height":2250,"caption":"Cifrado empresarial Ciberseguridad"},{"@type":"BreadcrumbList","@id":"https:\/\/masterbase.com\/it\/la-gestione-delle-patch-e-la-chiave-per-proteggere-la-sicurezza-digitale-della-vostra-azienda\/masterbase\/#breadcrumb","itemListElement":[{"@type":"ListItem","position":1,"name":"Portada","item":"https:\/\/masterbase.com\/ro\/"},{"@type":"ListItem","position":2,"name":"Gesti\u00f3n de parches: La clave para blindar la seguridad digital de tu empresa"}]},{"@type":"WebSite","@id":"https:\/\/masterbase.com\/nb\/#website","url":"https:\/\/masterbase.com\/nb\/","name":"MasterBase\u00ae","description":"Sizin i\u00e7in \u00e7al\u0131\u015fan otomatlar","publisher":{"@id":"https:\/\/masterbase.com\/nb\/#organization"},"potentialAction":[{"@type":"SearchAction","target":{"@type":"EntryPoint","urlTemplate":"https:\/\/masterbase.com\/nb\/?s={search_term_string}"},"query-input":{"@type":"PropertyValueSpecification","valueRequired":true,"valueName":"search_term_string"}}],"inLanguage":"tr"},{"@type":"Organization","@id":"https:\/\/masterbase.com\/nb\/#organization","name":"MasterBase\u00ae","url":"https:\/\/masterbase.com\/nb\/","logo":{"@type":"ImageObject","inLanguage":"tr","@id":"https:\/\/masterbase.com\/nb\/#\/schema\/logo\/image\/","url":"https:\/\/i0.wp.com\/masterbase.com\/wp-content\/uploads\/2023\/09\/Logo_negro_sinslogan.png?fit=1476%2C972&ssl=1","contentUrl":"https:\/\/i0.wp.com\/masterbase.com\/wp-content\/uploads\/2023\/09\/Logo_negro_sinslogan.png?fit=1476%2C972&ssl=1","width":1476,"height":972,"caption":"MasterBase\u00ae"},"image":{"@id":"https:\/\/masterbase.com\/nb\/#\/schema\/logo\/image\/"}},{"@type":"Person","@id":"https:\/\/masterbase.com\/nb\/#\/schema\/person\/3d21ff79b63b95ca967e019b4c633701","name":"Alejandro Dur\u00e1n","image":{"@type":"ImageObject","inLanguage":"tr","@id":"https:\/\/secure.gravatar.com\/avatar\/7fe6c9cd72fdfdd05519326fb5760e0745d9540d0bddb8b16403235a121c8e64?s=96&d=identicon&r=g","url":"https:\/\/secure.gravatar.com\/avatar\/7fe6c9cd72fdfdd05519326fb5760e0745d9540d0bddb8b16403235a121c8e64?s=96&d=identicon&r=g","contentUrl":"https:\/\/secure.gravatar.com\/avatar\/7fe6c9cd72fdfdd05519326fb5760e0745d9540d0bddb8b16403235a121c8e64?s=96&d=identicon&r=g","caption":"Alejandro Dur\u00e1n"},"description":"Pazarlama \u015eefi","url":"https:\/\/masterbase.com\/tr\/author\/aledurmc1970\/"}]}},"jetpack_publicize_connections":[],"jetpack_featured_media_url":"https:\/\/i0.wp.com\/masterbase.com\/wp-content\/uploads\/2024\/10\/3.png?fit=2250%2C2250&ssl=1","jetpack_likes_enabled":false,"jetpack_sharing_enabled":true,"jetpack_shortlink":"https:\/\/wp.me\/pf6Ilf-4mO","_links":{"self":[{"href":"https:\/\/masterbase.com\/tr\/wp-json\/wp\/v2\/posts\/16790","targetHints":{"allow":["GET"]}}],"collection":[{"href":"https:\/\/masterbase.com\/tr\/wp-json\/wp\/v2\/posts"}],"about":[{"href":"https:\/\/masterbase.com\/tr\/wp-json\/wp\/v2\/types\/post"}],"author":[{"embeddable":true,"href":"https:\/\/masterbase.com\/tr\/wp-json\/wp\/v2\/users\/239642484"}],"replies":[{"embeddable":true,"href":"https:\/\/masterbase.com\/tr\/wp-json\/wp\/v2\/comments?post=16790"}],"version-history":[{"count":10,"href":"https:\/\/masterbase.com\/tr\/wp-json\/wp\/v2\/posts\/16790\/revisions"}],"predecessor-version":[{"id":23953,"href":"https:\/\/masterbase.com\/tr\/wp-json\/wp\/v2\/posts\/16790\/revisions\/23953"}],"wp:featuredmedia":[{"embeddable":true,"href":"https:\/\/masterbase.com\/tr\/wp-json\/wp\/v2\/media\/16812"}],"wp:attachment":[{"href":"https:\/\/masterbase.com\/tr\/wp-json\/wp\/v2\/media?parent=16790"}],"wp:term":[{"taxonomy":"category","embeddable":true,"href":"https:\/\/masterbase.com\/tr\/wp-json\/wp\/v2\/categories?post=16790"},{"taxonomy":"post_tag","embeddable":true,"href":"https:\/\/masterbase.com\/tr\/wp-json\/wp\/v2\/tags?post=16790"}],"curies":[{"name":"wp","href":"https:\/\/api.w.org\/{rel}","templated":true}]}}