{"id":7709,"date":"2019-04-02T20:11:00","date_gmt":"2019-04-02T17:11:00","guid":{"rendered":"https:\/\/masterbase.com\/es\/es\/es\/es\/es\/?p=7709"},"modified":"2023-12-28T20:14:12","modified_gmt":"2023-12-28T18:14:12","slug":"datenschutz-ethische-grundsatze-und-vorschriften-zum-schutz-der-privatsphare","status":"publish","type":"post","link":"https:\/\/masterbase.com\/de\/proteccion-de-datos-regulacion-etica-y-privacidad\/masterbase\/","title":{"rendered":"Datenschutzverordnung, Ethik und Privatsph\u00e4re"},"content":{"rendered":"<p class=\"has-medium-font-size wp-block-paragraph\">Die meisten Vermarkter und Datenverwaltungsexperten sind wahrscheinlich bereits mit der Allgemeinen Datenschutzverordnung (GDPR) vertraut, die dieses Jahr in Kraft getreten ist.<\/p>\n\n\n\n<p class=\"has-medium-font-size wp-block-paragraph\">Diese Verordnung stellt einen Wendepunkt in der Art und Weise dar, wie Unternehmen personenbezogene Daten von EU-B\u00fcrgern erhalten, speichern, verwalten und verarbeiten, aber sie hat auch einen Pr\u00e4zedenzfall in vielen L\u00e4ndern geschaffen, die noch keine Rechtsvorschriften zu diesem Thema erlassen haben und in denen es notwendig ist, sich darauf vorzubereiten.<\/p>\n\n\n\n<p class=\"has-medium-font-size wp-block-paragraph\">In diesem eBook werfen wir einen genaueren Blick auf die Auswirkungen der DSGVO und ihre wichtigsten Aspekte, schlagen Handlungsoptionen vor und behandeln Themen wie die ethische Nutzung von Daten, die Einhaltung bestehender Datenschutzvorschriften und das Konzept der Einwilligung.<\/p>\n\n\n\n<div style=\"height:52px\" aria-hidden=\"true\" class=\"wp-block-spacer\"><\/div>\n\n\n\n<hr class=\"wp-block-separator has-alpha-channel-opacity\"\/>\n\n\n\n<h4 class=\"wp-block-heading has-black-color has-text-color has-link-color has-large-font-size wp-elements-4af6be25722b9ce069fe2cbec3efb1d3\">Erfahren Sie mehr:<\/h4>\n\n\n\n<ul class=\"wp-block-list\" id=\"aprenda\">\n<li class=\"has-medium-font-size\">GDPR: die wichtigsten Aspekte<\/li>\n\n\n\n<li>GDPR: Zu beachtende Tipps<\/li>\n\n\n\n<li>Die ethische Nutzung von Daten angehen<\/li>\n\n\n\n<li>Einhaltung des Datenschutzes<\/li>\n\n\n\n<li>Die Bedeutung der Zustimmung<\/li>\n<\/ul>\n\n\n\n<div class=\"wp-block-group alignfull has-black-color has-text-color has-link-color has-medium-font-size wp-elements-458947c5ab683ea2bf845290bca590ff is-vertical is-content-justification-center is-layout-flex wp-container-core-group-is-layout-a4683dfa wp-block-group-is-layout-flex\" style=\"padding-top:var(--wp--preset--spacing--80);padding-right:var(--wp--preset--spacing--50);padding-bottom:var(--wp--preset--spacing--80);padding-left:var(--wp--preset--spacing--50)\">\n<div class=\"wp-block-buttons is-content-justification-center is-layout-flex wp-container-core-buttons-is-layout-3e41869c wp-block-buttons-is-layout-flex\">\n<div class=\"wp-block-button\"><a class=\"wp-block-button__link has-white-color has-text-color has-link-color wp-element-button\" href=\"https:\/\/smartview.masterbase.com\/v2\/657716034204f778572dd5ff\/?url=proteccion-de-datos-regulacion-etica-y-privacidad\"><strong>Zugang zum eBook hier<\/strong> <\/a><\/div>\n<\/div>\n\n\n\n<p class=\"has-text-align-justify has-small-font-size wp-block-paragraph\"><em>Um auf das eBook zuzugreifen, m\u00fcssen Sie lediglich ein MasterBase\u00ae-Konto haben. Wenn Sie keins haben, k\u00f6nnen Sie es kostenlos erstellen.<\/em><\/p>\n<\/div>","protected":false},"excerpt":{"rendered":"<p>Die meisten Vermarkter und Datenverwaltungsexperten sind wahrscheinlich bereits mit der Allgemeinen Datenschutzverordnung (GDPR) vertraut, die dieses Jahr in Kraft getreten ist.<\/p>","protected":false},"author":239642484,"featured_media":0,"comment_status":"open","ping_status":"open","sticky":false,"template":"","format":"standard","meta":{"_crdt_document":"","_jetpack_newsletter_access":"","_jetpack_dont_email_post_to_subs":false,"_jetpack_newsletter_tier_id":0,"_jetpack_memberships_contains_paywalled_content":false,"_jetpack_memberships_contains_paid_content":false,"footnotes":"","jetpack_publicize_message":"","jetpack_publicize_feature_enabled":true,"jetpack_social_post_already_shared":true,"jetpack_social_options":{"image_generator_settings":{"template":"highway","default_image_id":0,"font":"","enabled":false},"version":2},"_wpas_customize_per_network":false,"jetpack_post_was_ever_published":false},"categories":[1412],"tags":[1416],"class_list":["post-7709","post","type-post","status-publish","format-standard","hentry","category-ebook","tag-proteccion-de-datos"],"yoast_head":"<!-- This site is optimized with the Yoast SEO plugin v27.5 - https:\/\/yoast.com\/product\/yoast-seo-wordpress\/ -->\n<title>Protecci\u00f3n de datos Regulaci\u00f3n, \u00e9tica y privacidad - MasterBase\u00ae<\/title>\n<meta name=\"robots\" content=\"index, follow, max-snippet:-1, max-image-preview:large, max-video-preview:-1\" \/>\n<link rel=\"canonical\" href=\"https:\/\/masterbase.com\/de\/datenschutz-ethische-grundsatze-und-vorschriften-zum-schutz-der-privatsphare\/masterbase\/\" \/>\n<meta property=\"og:locale\" content=\"de_DE\" \/>\n<meta property=\"og:type\" content=\"article\" \/>\n<meta property=\"og:title\" content=\"Protecci\u00f3n de datos Regulaci\u00f3n, \u00e9tica y privacidad - MasterBase\u00ae\" \/>\n<meta property=\"og:description\" content=\"Es muy probable que la mayor\u00eda de los profesionales relacionados al marketing y la gesti\u00f3n de datos ya est\u00e9n familiarizados con el Reglamento General de Protecci\u00f3n de Datos (GDPR), que entr\u00f3 en vigor este a\u00f1o.\" \/>\n<meta property=\"og:url\" content=\"https:\/\/masterbase.com\/de\/datenschutz-ethische-grundsatze-und-vorschriften-zum-schutz-der-privatsphare\/masterbase\/\" \/>\n<meta property=\"og:site_name\" content=\"MasterBase\u00ae\" \/>\n<meta property=\"article:published_time\" content=\"2019-04-02T17:11:00+00:00\" \/>\n<meta property=\"article:modified_time\" content=\"2023-12-28T18:14:12+00:00\" \/>\n<meta name=\"author\" content=\"Alejandro Dur\u00e1n\" \/>\n<meta name=\"twitter:card\" content=\"summary_large_image\" \/>\n<meta name=\"twitter:label1\" content=\"Verfasst von\" \/>\n\t<meta name=\"twitter:data1\" content=\"Alejandro Dur\u00e1n\" \/>\n\t<meta name=\"twitter:label2\" content=\"Gesch\u00e4tzte Lesezeit\" \/>\n\t<meta name=\"twitter:data2\" content=\"1\u00a0Minute\" \/>\n<script type=\"application\/ld+json\" class=\"yoast-schema-graph\">{\"@context\":\"https:\\\/\\\/schema.org\",\"@graph\":[{\"@type\":\"Article\",\"@id\":\"https:\\\/\\\/masterbase.com\\\/tr\\\/veri%cc%87-koruma-eti%cc%87k-ve-gi%cc%87zli%cc%87li%cc%87k-yonetmeli%cc%87gi%cc%87\\\/masterbase\\\/#article\",\"isPartOf\":{\"@id\":\"https:\\\/\\\/masterbase.com\\\/tr\\\/veri%cc%87-koruma-eti%cc%87k-ve-gi%cc%87zli%cc%87li%cc%87k-yonetmeli%cc%87gi%cc%87\\\/masterbase\\\/\"},\"author\":{\"name\":\"Alejandro Dur\u00e1n\",\"@id\":\"https:\\\/\\\/masterbase.com\\\/es\\\/#\\\/schema\\\/person\\\/3d21ff79b63b95ca967e019b4c633701\"},\"headline\":\"Protecci\u00f3n de datos Regulaci\u00f3n, \u00e9tica y privacidad\",\"datePublished\":\"2019-04-02T17:11:00+00:00\",\"dateModified\":\"2023-12-28T18:14:12+00:00\",\"mainEntityOfPage\":{\"@id\":\"https:\\\/\\\/masterbase.com\\\/tr\\\/veri%cc%87-koruma-eti%cc%87k-ve-gi%cc%87zli%cc%87li%cc%87k-yonetmeli%cc%87gi%cc%87\\\/masterbase\\\/\"},\"wordCount\":208,\"commentCount\":0,\"publisher\":{\"@id\":\"https:\\\/\\\/masterbase.com\\\/es\\\/#organization\"},\"keywords\":[\"proteccion de datos\"],\"articleSection\":[\"eBook\"],\"inLanguage\":\"de\",\"potentialAction\":[{\"@type\":\"CommentAction\",\"name\":\"Comment\",\"target\":[\"https:\\\/\\\/masterbase.com\\\/tr\\\/veri%cc%87-koruma-eti%cc%87k-ve-gi%cc%87zli%cc%87li%cc%87k-yonetmeli%cc%87gi%cc%87\\\/masterbase\\\/#respond\"]}]},{\"@type\":\"WebPage\",\"@id\":\"https:\\\/\\\/masterbase.com\\\/tr\\\/veri%cc%87-koruma-eti%cc%87k-ve-gi%cc%87zli%cc%87li%cc%87k-yonetmeli%cc%87gi%cc%87\\\/masterbase\\\/\",\"url\":\"https:\\\/\\\/masterbase.com\\\/tr\\\/veri%cc%87-koruma-eti%cc%87k-ve-gi%cc%87zli%cc%87li%cc%87k-yonetmeli%cc%87gi%cc%87\\\/masterbase\\\/\",\"name\":\"Protecci\u00f3n de datos Regulaci\u00f3n, \u00e9tica y privacidad - MasterBase\u00ae\",\"isPartOf\":{\"@id\":\"https:\\\/\\\/masterbase.com\\\/es\\\/#website\"},\"datePublished\":\"2019-04-02T17:11:00+00:00\",\"dateModified\":\"2023-12-28T18:14:12+00:00\",\"breadcrumb\":{\"@id\":\"https:\\\/\\\/masterbase.com\\\/tr\\\/veri%cc%87-koruma-eti%cc%87k-ve-gi%cc%87zli%cc%87li%cc%87k-yonetmeli%cc%87gi%cc%87\\\/masterbase\\\/#breadcrumb\"},\"inLanguage\":\"de\",\"potentialAction\":[{\"@type\":\"ReadAction\",\"target\":[\"https:\\\/\\\/masterbase.com\\\/tr\\\/veri%cc%87-koruma-eti%cc%87k-ve-gi%cc%87zli%cc%87li%cc%87k-yonetmeli%cc%87gi%cc%87\\\/masterbase\\\/\"]}]},{\"@type\":\"BreadcrumbList\",\"@id\":\"https:\\\/\\\/masterbase.com\\\/tr\\\/veri%cc%87-koruma-eti%cc%87k-ve-gi%cc%87zli%cc%87li%cc%87k-yonetmeli%cc%87gi%cc%87\\\/masterbase\\\/#breadcrumb\",\"itemListElement\":[{\"@type\":\"ListItem\",\"position\":1,\"name\":\"Portada\",\"item\":\"https:\\\/\\\/masterbase.com\\\/da\\\/\"},{\"@type\":\"ListItem\",\"position\":2,\"name\":\"Protecci\u00f3n de datos Regulaci\u00f3n, \u00e9tica y privacidad\"}]},{\"@type\":\"WebSite\",\"@id\":\"https:\\\/\\\/masterbase.com\\\/es\\\/#website\",\"url\":\"https:\\\/\\\/masterbase.com\\\/es\\\/\",\"name\":\"MasterBase\u00ae\",\"description\":\"Automatas that work for you\",\"publisher\":{\"@id\":\"https:\\\/\\\/masterbase.com\\\/es\\\/#organization\"},\"potentialAction\":[{\"@type\":\"SearchAction\",\"target\":{\"@type\":\"EntryPoint\",\"urlTemplate\":\"https:\\\/\\\/masterbase.com\\\/es\\\/?s={search_term_string}\"},\"query-input\":{\"@type\":\"PropertyValueSpecification\",\"valueRequired\":true,\"valueName\":\"search_term_string\"}}],\"inLanguage\":\"de\"},{\"@type\":\"Organization\",\"@id\":\"https:\\\/\\\/masterbase.com\\\/es\\\/#organization\",\"name\":\"MasterBase\u00ae\",\"url\":\"https:\\\/\\\/masterbase.com\\\/es\\\/\",\"logo\":{\"@type\":\"ImageObject\",\"inLanguage\":\"de\",\"@id\":\"https:\\\/\\\/masterbase.com\\\/es\\\/#\\\/schema\\\/logo\\\/image\\\/\",\"url\":\"https:\\\/\\\/i0.wp.com\\\/masterbase.com\\\/wp-content\\\/uploads\\\/2023\\\/09\\\/Logo_negro_sinslogan.png?fit=1476%2C972&ssl=1\",\"contentUrl\":\"https:\\\/\\\/i0.wp.com\\\/masterbase.com\\\/wp-content\\\/uploads\\\/2023\\\/09\\\/Logo_negro_sinslogan.png?fit=1476%2C972&ssl=1\",\"width\":1476,\"height\":972,\"caption\":\"MasterBase\u00ae\"},\"image\":{\"@id\":\"https:\\\/\\\/masterbase.com\\\/es\\\/#\\\/schema\\\/logo\\\/image\\\/\"}},{\"@type\":\"Person\",\"@id\":\"https:\\\/\\\/masterbase.com\\\/es\\\/#\\\/schema\\\/person\\\/3d21ff79b63b95ca967e019b4c633701\",\"name\":\"Alejandro Dur\u00e1n\",\"image\":{\"@type\":\"ImageObject\",\"inLanguage\":\"de\",\"@id\":\"https:\\\/\\\/secure.gravatar.com\\\/avatar\\\/7fe6c9cd72fdfdd05519326fb5760e0745d9540d0bddb8b16403235a121c8e64?s=96&d=identicon&r=g\",\"url\":\"https:\\\/\\\/secure.gravatar.com\\\/avatar\\\/7fe6c9cd72fdfdd05519326fb5760e0745d9540d0bddb8b16403235a121c8e64?s=96&d=identicon&r=g\",\"contentUrl\":\"https:\\\/\\\/secure.gravatar.com\\\/avatar\\\/7fe6c9cd72fdfdd05519326fb5760e0745d9540d0bddb8b16403235a121c8e64?s=96&d=identicon&r=g\",\"caption\":\"Alejandro Dur\u00e1n\"},\"description\":\"Chief Marketing Ofiicer\",\"url\":\"https:\\\/\\\/masterbase.com\\\/de\\\/author\\\/aledurmc1970\\\/\"}]}<\/script>\n<!-- \/ Yoast SEO plugin. -->","yoast_head_json":{"title":"Datenschutzverordnung, Ethik und Privatsph\u00e4re - MasterBase\u00ae","robots":{"index":"index","follow":"follow","max-snippet":"max-snippet:-1","max-image-preview":"max-image-preview:large","max-video-preview":"max-video-preview:-1"},"canonical":"https:\/\/masterbase.com\/de\/datenschutz-ethische-grundsatze-und-vorschriften-zum-schutz-der-privatsphare\/masterbase\/","og_locale":"de_DE","og_type":"article","og_title":"Protecci\u00f3n de datos Regulaci\u00f3n, \u00e9tica y privacidad - MasterBase\u00ae","og_description":"Es muy probable que la mayor\u00eda de los profesionales relacionados al marketing y la gesti\u00f3n de datos ya est\u00e9n familiarizados con el Reglamento General de Protecci\u00f3n de Datos (GDPR), que entr\u00f3 en vigor este a\u00f1o.","og_url":"https:\/\/masterbase.com\/de\/datenschutz-ethische-grundsatze-und-vorschriften-zum-schutz-der-privatsphare\/masterbase\/","og_site_name":"MasterBase\u00ae","article_published_time":"2019-04-02T17:11:00+00:00","article_modified_time":"2023-12-28T18:14:12+00:00","author":"Alejandro Dur\u00e1n","twitter_card":"summary_large_image","twitter_misc":{"Verfasst von":"Alejandro Dur\u00e1n","Gesch\u00e4tzte Lesezeit":"1\u00a0Minute"},"schema":{"@context":"https:\/\/schema.org","@graph":[{"@type":"Article","@id":"https:\/\/masterbase.com\/tr\/veri%cc%87-koruma-eti%cc%87k-ve-gi%cc%87zli%cc%87li%cc%87k-yonetmeli%cc%87gi%cc%87\/masterbase\/#article","isPartOf":{"@id":"https:\/\/masterbase.com\/tr\/veri%cc%87-koruma-eti%cc%87k-ve-gi%cc%87zli%cc%87li%cc%87k-yonetmeli%cc%87gi%cc%87\/masterbase\/"},"author":{"name":"Alejandro Dur\u00e1n","@id":"https:\/\/masterbase.com\/es\/#\/schema\/person\/3d21ff79b63b95ca967e019b4c633701"},"headline":"Protecci\u00f3n de datos Regulaci\u00f3n, \u00e9tica y privacidad","datePublished":"2019-04-02T17:11:00+00:00","dateModified":"2023-12-28T18:14:12+00:00","mainEntityOfPage":{"@id":"https:\/\/masterbase.com\/tr\/veri%cc%87-koruma-eti%cc%87k-ve-gi%cc%87zli%cc%87li%cc%87k-yonetmeli%cc%87gi%cc%87\/masterbase\/"},"wordCount":208,"commentCount":0,"publisher":{"@id":"https:\/\/masterbase.com\/es\/#organization"},"keywords":["proteccion de datos"],"articleSection":["eBook"],"inLanguage":"de","potentialAction":[{"@type":"CommentAction","name":"Comment","target":["https:\/\/masterbase.com\/tr\/veri%cc%87-koruma-eti%cc%87k-ve-gi%cc%87zli%cc%87li%cc%87k-yonetmeli%cc%87gi%cc%87\/masterbase\/#respond"]}]},{"@type":"WebPage","@id":"https:\/\/masterbase.com\/tr\/veri%cc%87-koruma-eti%cc%87k-ve-gi%cc%87zli%cc%87li%cc%87k-yonetmeli%cc%87gi%cc%87\/masterbase\/","url":"https:\/\/masterbase.com\/tr\/veri%cc%87-koruma-eti%cc%87k-ve-gi%cc%87zli%cc%87li%cc%87k-yonetmeli%cc%87gi%cc%87\/masterbase\/","name":"Datenschutzverordnung, Ethik und Privatsph\u00e4re - MasterBase\u00ae","isPartOf":{"@id":"https:\/\/masterbase.com\/es\/#website"},"datePublished":"2019-04-02T17:11:00+00:00","dateModified":"2023-12-28T18:14:12+00:00","breadcrumb":{"@id":"https:\/\/masterbase.com\/tr\/veri%cc%87-koruma-eti%cc%87k-ve-gi%cc%87zli%cc%87li%cc%87k-yonetmeli%cc%87gi%cc%87\/masterbase\/#breadcrumb"},"inLanguage":"de","potentialAction":[{"@type":"ReadAction","target":["https:\/\/masterbase.com\/tr\/veri%cc%87-koruma-eti%cc%87k-ve-gi%cc%87zli%cc%87li%cc%87k-yonetmeli%cc%87gi%cc%87\/masterbase\/"]}]},{"@type":"BreadcrumbList","@id":"https:\/\/masterbase.com\/tr\/veri%cc%87-koruma-eti%cc%87k-ve-gi%cc%87zli%cc%87li%cc%87k-yonetmeli%cc%87gi%cc%87\/masterbase\/#breadcrumb","itemListElement":[{"@type":"ListItem","position":1,"name":"Portada","item":"https:\/\/masterbase.com\/da\/"},{"@type":"ListItem","position":2,"name":"Protecci\u00f3n de datos Regulaci\u00f3n, \u00e9tica y privacidad"}]},{"@type":"WebSite","@id":"https:\/\/masterbase.com\/es\/#website","url":"https:\/\/masterbase.com\/es\/","name":"MasterBase\u00ae.","description":"Automaten, die f\u00fcr Sie arbeiten","publisher":{"@id":"https:\/\/masterbase.com\/es\/#organization"},"potentialAction":[{"@type":"SearchAction","target":{"@type":"EntryPoint","urlTemplate":"https:\/\/masterbase.com\/es\/?s={search_term_string}"},"query-input":{"@type":"PropertyValueSpecification","valueRequired":true,"valueName":"search_term_string"}}],"inLanguage":"de"},{"@type":"Organization","@id":"https:\/\/masterbase.com\/es\/#organization","name":"MasterBase\u00ae.","url":"https:\/\/masterbase.com\/es\/","logo":{"@type":"ImageObject","inLanguage":"de","@id":"https:\/\/masterbase.com\/es\/#\/schema\/logo\/image\/","url":"https:\/\/i0.wp.com\/masterbase.com\/wp-content\/uploads\/2023\/09\/Logo_negro_sinslogan.png?fit=1476%2C972&ssl=1","contentUrl":"https:\/\/i0.wp.com\/masterbase.com\/wp-content\/uploads\/2023\/09\/Logo_negro_sinslogan.png?fit=1476%2C972&ssl=1","width":1476,"height":972,"caption":"MasterBase\u00ae"},"image":{"@id":"https:\/\/masterbase.com\/es\/#\/schema\/logo\/image\/"}},{"@type":"Person","@id":"https:\/\/masterbase.com\/es\/#\/schema\/person\/3d21ff79b63b95ca967e019b4c633701","name":"Alejandro Dur\u00e1n","image":{"@type":"ImageObject","inLanguage":"de","@id":"https:\/\/secure.gravatar.com\/avatar\/7fe6c9cd72fdfdd05519326fb5760e0745d9540d0bddb8b16403235a121c8e64?s=96&d=identicon&r=g","url":"https:\/\/secure.gravatar.com\/avatar\/7fe6c9cd72fdfdd05519326fb5760e0745d9540d0bddb8b16403235a121c8e64?s=96&d=identicon&r=g","contentUrl":"https:\/\/secure.gravatar.com\/avatar\/7fe6c9cd72fdfdd05519326fb5760e0745d9540d0bddb8b16403235a121c8e64?s=96&d=identicon&r=g","caption":"Alejandro Dur\u00e1n"},"description":"Leiterin der Marketingabteilung","url":"https:\/\/masterbase.com\/de\/author\/aledurmc1970\/"}]}},"jetpack_publicize_connections":[],"jetpack_featured_media_url":"","jetpack_likes_enabled":false,"jetpack_sharing_enabled":true,"jetpack_shortlink":"https:\/\/wp.me\/pf6Ilf-20l","_links":{"self":[{"href":"https:\/\/masterbase.com\/de\/wp-json\/wp\/v2\/posts\/7709","targetHints":{"allow":["GET"]}}],"collection":[{"href":"https:\/\/masterbase.com\/de\/wp-json\/wp\/v2\/posts"}],"about":[{"href":"https:\/\/masterbase.com\/de\/wp-json\/wp\/v2\/types\/post"}],"author":[{"embeddable":true,"href":"https:\/\/masterbase.com\/de\/wp-json\/wp\/v2\/users\/239642484"}],"replies":[{"embeddable":true,"href":"https:\/\/masterbase.com\/de\/wp-json\/wp\/v2\/comments?post=7709"}],"version-history":[{"count":2,"href":"https:\/\/masterbase.com\/de\/wp-json\/wp\/v2\/posts\/7709\/revisions"}],"predecessor-version":[{"id":7712,"href":"https:\/\/masterbase.com\/de\/wp-json\/wp\/v2\/posts\/7709\/revisions\/7712"}],"wp:attachment":[{"href":"https:\/\/masterbase.com\/de\/wp-json\/wp\/v2\/media?parent=7709"}],"wp:term":[{"taxonomy":"category","embeddable":true,"href":"https:\/\/masterbase.com\/de\/wp-json\/wp\/v2\/categories?post=7709"},{"taxonomy":"post_tag","embeddable":true,"href":"https:\/\/masterbase.com\/de\/wp-json\/wp\/v2\/tags?post=7709"}],"curies":[{"name":"wp","href":"https:\/\/api.w.org\/{rel}","templated":true}]}}